[{"@context":"https:\/\/schema.org\/","@type":"Article","@id":"https:\/\/www.gagls.sk\/sklenene-zabradlie-nie-je-iba-modny-doplnok\/#Article","mainEntityOfPage":"https:\/\/www.gagls.sk\/sklenene-zabradlie-nie-je-iba-modny-doplnok\/","headline":"Sklenen\u00e9 z\u00e1bradlie nie je iba m\u00f3dny doplnok","name":"Sklenen\u00e9 z\u00e1bradlie nie je iba m\u00f3dny doplnok","description":"\u010co vlastne dnes be\u017en\u00fd spotrebite\u013e o\u010dak\u00e1va od z\u00e1bradlia? Opora u\u017e nie je jedin\u00fdm faktorom, na &hellip; ","datePublished":"2021-03-21","dateModified":"2023-04-28","author":{"@type":"Person","@id":"https:\/\/www.gagls.sk\/author\/#Person","name":"","url":"https:\/\/www.gagls.sk\/author\/","identifier":1,"image":{"@type":"ImageObject","@id":"https:\/\/secure.gravatar.com\/avatar\/9478c3014fb8763e2a18691ad6bf83eff86429738afad80df8227ac472865e36?s=96&d=mm&r=g","url":"https:\/\/secure.gravatar.com\/avatar\/9478c3014fb8763e2a18691ad6bf83eff86429738afad80df8227ac472865e36?s=96&d=mm&r=g","height":96,"width":96}},"publisher":{"@type":"Organization","name":"gagls.sk","logo":{"@type":"ImageObject","@id":"\/logo.png","url":"\/logo.png","width":600,"height":60}},"image":{"@type":"ImageObject","@id":"https:\/\/www.gagls.sk\/wp-content\/uploads\/balk%C3%B3ny,%20budova.jpg","url":"https:\/\/www.gagls.sk\/wp-content\/uploads\/balk%C3%B3ny,%20budova.jpg","height":0,"width":0},"url":"https:\/\/www.gagls.sk\/sklenene-zabradlie-nie-je-iba-modny-doplnok\/","video":{"@context":"http:\/\/schema.org\/","@type":"VideoObject","@id":"https:\/\/www.youtube.com\/watch?v=vRMYKYkwnZQ#VideoObject","contentUrl":"https:\/\/www.youtube.com\/watch?v=vRMYKYkwnZQ","name":"Monta\u0301z\u030c sklenene\u0301ho za\u0301bradlia","description":"","thumbnailUrl":["https:\/\/i.ytimg.com\/vi\/vRMYKYkwnZQ\/default.jpg","https:\/\/i.ytimg.com\/vi\/vRMYKYkwnZQ\/mqdefault.jpg","https:\/\/i.ytimg.com\/vi\/vRMYKYkwnZQ\/hqdefault.jpg","https:\/\/i.ytimg.com\/vi\/vRMYKYkwnZQ\/sddefault.jpg","https:\/\/i.ytimg.com\/vi\/vRMYKYkwnZQ\/maxresdefault.jpg"],"uploadDate":"2017-09-20T14:56:47+00:00","duration":"PT3M8S","embedUrl":"https:\/\/www.youtube.com\/embed\/vRMYKYkwnZQ","publisher":{"@type":"Organization","@id":"https:\/\/www.youtube.com\/channel\/UCT1UZSue4fhZRbDEfBqj6tA#Organization","url":"https:\/\/www.youtube.com\/channel\/UCT1UZSue4fhZRbDEfBqj6tA","name":"INTERIERSKLO, s.r.o.","description":"Na\u0161im posolstvom je uk\u00e1za\u0165 sklom dosiahnute\u013en\u00fa kr\u00e1su a eleganciu, bez hran\u00edc. Na\u0161a firma INTERIERSKLO - Dunajsk\u00e1 Streda sa zaober\u00e1 navrhovan\u00edm, realiz\u00e1ciou a mont\u00e1\u017eou sklenen\u00fdch produktov na mieru do interi\u00e9rov aj exteri\u00e9rov, a to:\n\n- sklenen\u00e9 sprchov\u00e9 k\u00faty\n- sklenen\u00e9 dvere\n- sklenen\u00e9 steny\n- sklenen\u00e9 kuchynsk\u00e9 z\u00e1steny\n- sklenen\u00e9 pr\u00edstre\u0161ky\n- sklenen\u00e9 z\u00e1bradlia\n\nVyp\u00fdtajte si cenov\u00fa ponuku na Vami \u017eiadan\u00fd sklenen\u00fd produkt cez http:\/\/www.interiersklo.eu\/ponuka\/\n\nObr\u00e1\u0165te sa na n\u00e1s s d\u00f4verou,\nV\u00e1\u0161 team Interiersklo","logo":{"url":"https:\/\/yt3.ggpht.com\/1VrXWzwfFDO14VN1GiwOr2mZ5Nzwav3lzjPEfnv8lCDeuY0UO8EiKz4tqoySfeW-8cRLAHCN=s800-c-k-c0x00ffffff-no-rj","width":800,"height":800,"@type":"ImageObject","@id":"https:\/\/www.youtube.com\/watch?v=vRMYKYkwnZQ#VideoObject_publisher_logo_ImageObject"}},"potentialAction":{"@type":"SeekToAction","@id":"https:\/\/www.youtube.com\/watch?v=vRMYKYkwnZQ#VideoObject_potentialAction","target":"https:\/\/www.youtube.com\/watch?v=vRMYKYkwnZQ&t={seek_to_second_number}","startOffset-input":"required name=seek_to_second_number"},"interactionStatistic":[[{"@type":"InteractionCounter","@id":"https:\/\/www.youtube.com\/watch?v=vRMYKYkwnZQ#VideoObject_interactionStatistic_WatchAction","interactionType":{"@type":"WatchAction"},"userInteractionCount":5300}],{"@type":"InteractionCounter","@id":"https:\/\/www.youtube.com\/watch?v=vRMYKYkwnZQ#VideoObject_interactionStatistic_LikeAction","interactionType":{"@type":"LikeAction"},"userInteractionCount":6}]},"wordCount":376,"articleBody":"        \u010co vlastne dnes be\u017en\u00fd spotrebite\u013e o\u010dak\u00e1va od z\u00e1bradlia? Opora u\u017e nie je jedin\u00fdm faktorom, na ktor\u00fd sa zameriava, do popredia d\u00e1va aj in\u00e9 vlastnosti. A medzi nimi dominuje modern\u00fd atrakt\u00edvny dizajn, \u010di napr\u00edklad jednoduch\u00e1 \u00fadr\u017eba. Z celkov\u00e9ho h\u013eadiska ide ale najm\u00e4 o to, aby sa tak\u00e9to nov\u00e9 z\u00e1bradlie ide\u00e1lne zladilo so vzh\u013eadom svojho okolia. Aby sem zapasovalo takisto po tej estetickej str\u00e1nke.A ke\u010f zoberieme do \u00favahy tieto s\u00fa\u010dasn\u00e9 po\u017eiadavky, niet divu, \u017ee rast\u00facej popularite sa te\u0161\u00ed sklenen\u00e9 z\u00e1bradlie. Nielen v komer\u010dn\u00fdch priestranstv\u00e1ch, ale v\u00eddavame ich st\u00e1le viac aj ako atrakt\u00edvnu s\u00fa\u010das\u0165 modern\u00fdch rodinn\u00fdch domov.Je to teda estetick\u00e1 str\u00e1nka sklenen\u00fdch z\u00e1bradl\u00ed, \u010do je popul\u00e1rna, no sp\u00e1jaj\u00fa sa s nimi aj in\u00e9 v\u00fdznamn\u00e9 vlastnosti:So sklom sa via\u017ee pr\u00edjemn\u00fd pocit tepla a lep\u0161ia priepustnos\u0165 svetla. Ako vieme, sklo prirodzene prep\u00fa\u0161\u0165a svetlo a to m\u00e1 za n\u00e1sledok lep\u0161iu priesvitnos\u0165. To znamen\u00e1 viac denn\u00e9ho svetla a jeho zdrav\u00fd pr\u00edsun. Za zmienku tu v\u0161ak stoj\u00ed aj pr\u00edjemn\u00e9 teplo, nako\u013eko sklo je kvalitn\u00fdm izolantom tepla. Ak vrav\u00edme napr\u00edklad o umiestnen\u00ed sklenen\u00e9ho z\u00e1bradlia na balk\u00f3n, tu sklo \u010derp\u00e1 hrejiv\u00e9 teplo zo Slnka. Hoci \u00e1no, estetick\u00e9 a vizu\u00e1lne vlastnosti skla ocen\u00edme takisto v pr\u00edpade, ak ide o zabradlie na schody.Ak vrav\u00edme o pou\u017eit\u00ed \u010d\u00edreho skla, tak to v\u010faka svojej priesvitnosti prin\u00e1\u0161a z\u00e1rove\u0148 dobr\u00fa orient\u00e1ciu v priestore. Zdravo presvetlen\u00fd priestor a lep\u0161iu vidite\u013enos\u0165 tam, kde sa tento typ z\u00e1bradl\u00ed umiestni. Na balk\u00f3ne, na terase, ale aj na schodoch. V exteri\u00e9ri, no takisto aj v interi\u00e9ri.https:\/\/youtu.be\/vRMYKYkwnZQNajm\u00e4 ak vrav\u00edme o interi\u00e9rovom vyu\u017eit\u00ed, sklo m\u00e1 v\u00fdhodu oproti in\u00fdm materi\u00e1lom pr\u00e1ve vo svojej priepustnosti, prvky z in\u00fdch materi\u00e1lov by sem toti\u017e \u013eahko priniesli tmu, \u010domu sa chceme v mnoh\u00fdch pr\u00edpadoch vyhn\u00fa\u0165. A pr\u00e1ve \u010d\u00edre sklo je v tomto pr\u00edpade funk\u010dn\u00fdm ako aj estetick\u00fdm rie\u0161en\u00edm.                                                                                                                                                                                                                                                                                                                                                                                          4.7\/5 - (8 votes)        "},{"@context":"https:\/\/schema.org\/","@type":"BreadcrumbList","itemListElement":[{"@type":"ListItem","position":1,"name":"Sklenen\u00e9 z\u00e1bradlie nie je iba m\u00f3dny doplnok","item":"https:\/\/www.gagls.sk\/sklenene-zabradlie-nie-je-iba-modny-doplnok\/#breadcrumbitem"}]}]